{"id":9052,"date":"2024-05-28T11:27:36","date_gmt":"2024-05-28T09:27:36","guid":{"rendered":"https:\/\/barcelonacampings.es\/was-kann-man-im-juni-in-barcelona-unternehmen\/"},"modified":"2024-05-28T11:57:15","modified_gmt":"2024-05-28T09:57:15","slug":"was-kann-man-im-juni-in-barcelona-unternehmen","status":"publish","type":"post","link":"https:\/\/barcelonacampings.es\/de\/was-kann-man-im-juni-in-barcelona-unternehmen\/","title":{"rendered":"Was kann man im Juni in Barcelona unternehmen?"},"content":{"rendered":"<div class=\"fusion-fullwidth fullwidth-box fusion-builder-row-1 fusion-flex-container has-pattern-background has-mask-background nonhundred-percent-fullwidth non-hundred-percent-height-scrolling\" style=\"--awb-border-radius-top-left:0px;--awb-border-radius-top-right:0px;--awb-border-radius-bottom-right:0px;--awb-border-radius-bottom-left:0px;--awb-flex-wrap:wrap;\" ><div class=\"fusion-builder-row fusion-row fusion-flex-align-items-flex-start fusion-flex-content-wrap\" style=\"max-width:1248px;margin-left: calc(-4% \/ 2 );margin-right: calc(-4% \/ 2 );\"><div class=\"fusion-layout-column fusion_builder_column fusion-builder-column-0 fusion_builder_column_1_1 1_1 fusion-flex-column\" style=\"--awb-bg-size:cover;--awb-width-large:100%;--awb-margin-top-large:0px;--awb-spacing-right-large:1.92%;--awb-margin-bottom-large:20px;--awb-spacing-left-large:1.92%;--awb-width-medium:100%;--awb-order-medium:0;--awb-spacing-right-medium:1.92%;--awb-spacing-left-medium:1.92%;--awb-width-small:100%;--awb-order-small:0;--awb-spacing-right-small:1.92%;--awb-spacing-left-small:1.92%;\"><div class=\"fusion-column-wrapper fusion-column-has-shadow fusion-flex-justify-content-flex-start fusion-content-layout-column\"><div class=\"fusion-title title fusion-title-1 fusion-sep-none fusion-title-text fusion-title-size-two\" style=\"--awb-text-color:var(--awb-color5);--awb-margin-top:20px;--awb-margin-bottom:10px;--awb-font-size:30px;\"><h2 class=\"fusion-title-heading title-heading-left\" style=\"margin:0;font-size:1em;\">L\u2019ou com balla 2024: Korpus<\/h2><\/div><div class=\"fusion-text fusion-text-1 fusion-text-no-margin\" style=\"--awb-margin-top:20px;--awb-margin-bottom:10px;\"><p>Die Tradition des L&#8217;Ou com balla, die bis ins Jahr 1637 zur\u00fcckreicht, kehrt w\u00e4hrend des Fronleichnamsfestes in die Innenh\u00f6fe Barcelonas zur\u00fcck. Dieser Brauch besteht darin, Eier in den Ausg\u00e4ngen von Kreuzg\u00e4ngen, H\u00f6fen und G\u00e4rten tanzen zu lassen, die zu diesem Anlass mit Blumenmotiven und Kirschen geschm\u00fcckt sind. Diese Tradition ist in Katalonien tief verwurzelt, da es der einzige Ort auf der Welt ist, an dem derzeit das Ei getanzt wird.<\/p>\n<p>In diesem Jahr finden die Feierlichkeiten vom 30. Mai bis 2. Juni statt und fallen mit dem 600. Jahrestag der Barcelona-Giganten zusammen. Das Festival umfasst Ausstellungen im Museum f\u00fcr Ethnologie und Weltkulturen, im Haus des Erzbischofs und an anderen symboltr\u00e4chtigen Orten. Besucher k\u00f6nnen das tanzende Ei an Orten wie der Basilika der Unbefleckten Empf\u00e4ngnis, dem Kloster Pedralbes und vielen anderen genie\u00dfen.<\/p>\n<\/div><div class=\"fusion-video fusion-youtube\" style=\"--awb-max-width:600px;--awb-max-height:360px;--awb-align-self:center;--awb-width:100%;--awb-margin-top:20px;--awb-margin-bottom:20px;\"><div class=\"video-shortcode\"><div class=\"fluid-width-video-wrapper\" style=\"padding-top:60%;\" ><iframe class=\"lazyload\" title=\"YouTube video player 1\" src=\"data:image\/svg+xml,%3Csvg%20xmlns%3D%27http%3A%2F%2Fwww.w3.org%2F2000%2Fsvg%27%20width%3D%27600%27%20height%3D%27360%27%20viewBox%3D%270%200%20600%20360%27%3E%3Crect%20width%3D%27600%27%20height%3D%27360%27%20fill-opacity%3D%220%22%2F%3E%3C%2Fsvg%3E\" data-orig-src=\"https:\/\/www.youtube.com\/embed\/g2JprJiylO0?wmode=transparent&autoplay=0\" width=\"600\" height=\"360\" allowfullscreen allow=\"autoplay; fullscreen\"><\/iframe><\/div><\/div><\/div><\/div><\/div><div class=\"fusion-layout-column fusion_builder_column fusion-builder-column-1 fusion_builder_column_1_1 1_1 fusion-flex-column\" style=\"--awb-bg-size:cover;--awb-width-large:100%;--awb-margin-top-large:0px;--awb-spacing-right-large:1.92%;--awb-margin-bottom-large:20px;--awb-spacing-left-large:1.92%;--awb-width-medium:100%;--awb-order-medium:0;--awb-spacing-right-medium:1.92%;--awb-spacing-left-medium:1.92%;--awb-width-small:100%;--awb-order-small:0;--awb-spacing-right-small:1.92%;--awb-spacing-left-small:1.92%;\"><div class=\"fusion-column-wrapper fusion-column-has-shadow fusion-flex-justify-content-flex-start fusion-content-layout-column\"><div class=\"fusion-title title fusion-title-2 fusion-sep-none fusion-title-text fusion-title-size-two\" style=\"--awb-text-color:var(--awb-color5);--awb-margin-bottom:10px;--awb-font-size:30px;\"><h2 class=\"fusion-title-heading title-heading-left\" style=\"margin:0;font-size:1em;\">Sant Joan 2024<\/h2><\/div><div class=\"fusion-text fusion-text-2 fusion-text-no-margin\" style=\"--awb-margin-top:20px;--awb-margin-bottom:10px;\"><p>Der Karneval von Sant Joan ist eine der am meisten erwarteten Partys des Jahres in Barcelona und feiert die Ankunft des Sommers mit Str\u00e4nden voller Menschen, Lagerfeuern, Feuerwerksk\u00f6rpern und Partys in der Nachbarschaft. Zus\u00e4tzlich zu den traditionellen Lagerfeuern und pyrotechnischen Shows bietet die Stadt Workshops und Aktivit\u00e4ten f\u00fcr jeden Geschmack. Der Sant-Joan-Kuchen, selbstgemacht oder gekauft, ist ein wesentliches Element, um die Party abzurunden. Entdecken Sie alle M\u00f6glichkeiten, die k\u00fcrzeste Nacht des Jahres in Barcelona zu genie\u00dfen!<\/p>\n<\/div><div class=\"fusion-image-element \" style=\"--awb-margin-bottom:40px;--awb-caption-title-font-family:var(--h2_typography-font-family);--awb-caption-title-font-weight:var(--h2_typography-font-weight);--awb-caption-title-font-style:var(--h2_typography-font-style);--awb-caption-title-size:var(--h2_typography-font-size);--awb-caption-title-transform:var(--h2_typography-text-transform);--awb-caption-title-line-height:var(--h2_typography-line-height);--awb-caption-title-letter-spacing:var(--h2_typography-letter-spacing);\"><span class=\" fusion-imageframe imageframe-none imageframe-1 hover-type-none\"><img decoding=\"async\" width=\"1500\" height=\"300\" title=\"Fotos dins aritcles (1)\" src=\"https:\/\/barcelonacampings.es\/wp-content\/uploads\/2024\/05\/Fotos-dins-aritcles-1.png\" data-orig-src=\"https:\/\/barcelonacampings.es\/wp-content\/uploads\/2024\/05\/Fotos-dins-aritcles-1.png\" alt class=\"lazyload img-responsive wp-image-8993\" srcset=\"data:image\/svg+xml,%3Csvg%20xmlns%3D%27http%3A%2F%2Fwww.w3.org%2F2000%2Fsvg%27%20width%3D%271500%27%20height%3D%27300%27%20viewBox%3D%270%200%201500%20300%27%3E%3Crect%20width%3D%271500%27%20height%3D%27300%27%20fill-opacity%3D%220%22%2F%3E%3C%2Fsvg%3E\" data-srcset=\"https:\/\/barcelonacampings.es\/wp-content\/uploads\/2024\/05\/Fotos-dins-aritcles-1-200x40.png 200w, https:\/\/barcelonacampings.es\/wp-content\/uploads\/2024\/05\/Fotos-dins-aritcles-1-400x80.png 400w, https:\/\/barcelonacampings.es\/wp-content\/uploads\/2024\/05\/Fotos-dins-aritcles-1-600x120.png 600w, https:\/\/barcelonacampings.es\/wp-content\/uploads\/2024\/05\/Fotos-dins-aritcles-1-800x160.png 800w, https:\/\/barcelonacampings.es\/wp-content\/uploads\/2024\/05\/Fotos-dins-aritcles-1-1200x240.png 1200w, https:\/\/barcelonacampings.es\/wp-content\/uploads\/2024\/05\/Fotos-dins-aritcles-1.png 1500w\" data-sizes=\"auto\" data-orig-sizes=\"(max-width: 640px) 100vw, 1200px\" \/><\/span><\/div><div class=\"fusion-title title fusion-title-3 fusion-sep-none fusion-title-text fusion-title-size-two\" style=\"--awb-text-color:var(--awb-color5);--awb-margin-bottom:10px;--awb-font-size:30px;\"><h2 class=\"fusion-title-heading title-heading-left\" style=\"margin:0;font-size:1em;\">Verkostung auf der Rambla<\/h2><\/div><div class=\"fusion-text fusion-text-3 fusion-text-no-margin\" style=\"--awb-margin-top:20px;--awb-margin-bottom:10px;\"><p>Diesen Juni feiert Barcelona die 10. Ausgabe von <strong><a href=\"https:\/\/www.tastalarambla.cat\/\">Tasting a la Rambla<\/a><\/strong>, einer gastronomischen Veranstaltung, die vom 6. bis 9. Juni 36 der besten Restaurants und Konditoreien der Stadt auf der Pla\u00e7a de Catalunya zusammenbringt. Besucher k\u00f6nnen eine gro\u00dfe Auswahl an Tapas, Showkochen, Workshops, Verkostungen und Live-Musik genie\u00dfen. Als Neuheit wird in diesem Jahr anl\u00e4sslich des zehnj\u00e4hrigen Bestehens des Festivals der Tast a la Rambla Award eingef\u00fchrt. Token k\u00f6nnen an verschiedenen Verkaufsstellen erworben werden und jede Kappe kostet sechs Token. Der Zugang ist kostenlos und f\u00fcr alle Altersgruppen m\u00f6glich.<\/p>\n<\/div><div class=\"fusion-image-element \" style=\"--awb-margin-bottom:40px;--awb-caption-title-font-family:var(--h2_typography-font-family);--awb-caption-title-font-weight:var(--h2_typography-font-weight);--awb-caption-title-font-style:var(--h2_typography-font-style);--awb-caption-title-size:var(--h2_typography-font-size);--awb-caption-title-transform:var(--h2_typography-text-transform);--awb-caption-title-line-height:var(--h2_typography-line-height);--awb-caption-title-letter-spacing:var(--h2_typography-letter-spacing);\"><span class=\" fusion-imageframe imageframe-none imageframe-2 hover-type-none\"><img decoding=\"async\" width=\"1500\" height=\"300\" title=\"4\" src=\"https:\/\/barcelonacampings.es\/wp-content\/uploads\/2024\/05\/4.png\" data-orig-src=\"https:\/\/barcelonacampings.es\/wp-content\/uploads\/2024\/05\/4.png\" alt class=\"lazyload img-responsive wp-image-9000\" srcset=\"data:image\/svg+xml,%3Csvg%20xmlns%3D%27http%3A%2F%2Fwww.w3.org%2F2000%2Fsvg%27%20width%3D%271500%27%20height%3D%27300%27%20viewBox%3D%270%200%201500%20300%27%3E%3Crect%20width%3D%271500%27%20height%3D%27300%27%20fill-opacity%3D%220%22%2F%3E%3C%2Fsvg%3E\" data-srcset=\"https:\/\/barcelonacampings.es\/wp-content\/uploads\/2024\/05\/4-200x40.png 200w, https:\/\/barcelonacampings.es\/wp-content\/uploads\/2024\/05\/4-400x80.png 400w, https:\/\/barcelonacampings.es\/wp-content\/uploads\/2024\/05\/4-600x120.png 600w, https:\/\/barcelonacampings.es\/wp-content\/uploads\/2024\/05\/4-800x160.png 800w, https:\/\/barcelonacampings.es\/wp-content\/uploads\/2024\/05\/4-1200x240.png 1200w, https:\/\/barcelonacampings.es\/wp-content\/uploads\/2024\/05\/4.png 1500w\" data-sizes=\"auto\" data-orig-sizes=\"(max-width: 640px) 100vw, 1200px\" \/><\/span><\/div><div class=\"fusion-title title fusion-title-4 fusion-sep-none fusion-title-text fusion-title-size-two\" style=\"--awb-text-color:var(--awb-color5);--awb-margin-bottom:10px;--awb-font-size:30px;\"><h2 class=\"fusion-title-heading title-heading-left\" style=\"margin:0;font-size:1em;\">Sala Montju\u00efc<\/h2><\/div><div class=\"fusion-text fusion-text-4 fusion-text-no-margin\" style=\"--awb-margin-top:20px;--awb-margin-bottom:10px;\"><p><strong><a href=\"https:\/\/www.salamontjuic.org\/\">Cinema a la Fresca im Sala Montju\u00efc<\/a><\/strong> ist ein unverzichtbares Sommerereignis f\u00fcr Kinoliebhaber in Barcelona. Diese Veranstaltung findet im Wassergraben der Burg Montju\u00efc statt und bietet ein einzigartiges Erlebnis mit Filmvorf\u00fchrungen im Freien. Zus\u00e4tzlich zum Kinogenuss k\u00f6nnen die Besucher ihr eigenes Picknick mitbringen und vor den Sitzungen Live-Musik genie\u00dfen. Mit einem abwechslungsreichen Programm, das Klassiker, Premieren und internationales Kino umfasst, ist es die perfekte M\u00f6glichkeit, Sommern\u00e4chte in der Stadt zu verbringen.<\/p>\n<\/div><div class=\"fusion-image-element \" style=\"--awb-margin-bottom:40px;--awb-caption-title-font-family:var(--h2_typography-font-family);--awb-caption-title-font-weight:var(--h2_typography-font-weight);--awb-caption-title-font-style:var(--h2_typography-font-style);--awb-caption-title-size:var(--h2_typography-font-size);--awb-caption-title-transform:var(--h2_typography-text-transform);--awb-caption-title-line-height:var(--h2_typography-line-height);--awb-caption-title-letter-spacing:var(--h2_typography-letter-spacing);\"><span class=\" fusion-imageframe imageframe-none imageframe-3 hover-type-none\"><img decoding=\"async\" width=\"1500\" height=\"300\" title=\"8\" src=\"https:\/\/barcelonacampings.es\/wp-content\/uploads\/2024\/05\/8.png\" data-orig-src=\"https:\/\/barcelonacampings.es\/wp-content\/uploads\/2024\/05\/8.png\" alt class=\"lazyload img-responsive wp-image-9024\" srcset=\"data:image\/svg+xml,%3Csvg%20xmlns%3D%27http%3A%2F%2Fwww.w3.org%2F2000%2Fsvg%27%20width%3D%271500%27%20height%3D%27300%27%20viewBox%3D%270%200%201500%20300%27%3E%3Crect%20width%3D%271500%27%20height%3D%27300%27%20fill-opacity%3D%220%22%2F%3E%3C%2Fsvg%3E\" data-srcset=\"https:\/\/barcelonacampings.es\/wp-content\/uploads\/2024\/05\/8-200x40.png 200w, https:\/\/barcelonacampings.es\/wp-content\/uploads\/2024\/05\/8-400x80.png 400w, https:\/\/barcelonacampings.es\/wp-content\/uploads\/2024\/05\/8-600x120.png 600w, https:\/\/barcelonacampings.es\/wp-content\/uploads\/2024\/05\/8-800x160.png 800w, https:\/\/barcelonacampings.es\/wp-content\/uploads\/2024\/05\/8-1200x240.png 1200w, https:\/\/barcelonacampings.es\/wp-content\/uploads\/2024\/05\/8.png 1500w\" data-sizes=\"auto\" data-orig-sizes=\"(max-width: 640px) 100vw, 1200px\" \/><\/span><\/div><div class=\"fusion-title title fusion-title-5 fusion-sep-none fusion-title-text fusion-title-size-two\" style=\"--awb-text-color:var(--awb-color5);--awb-margin-bottom:10px;--awb-font-size:30px;\"><h2 class=\"fusion-title-heading title-heading-left\" style=\"margin:0;font-size:1em;\">Wochen der Architektur<\/h2><\/div><div class=\"fusion-text fusion-text-5 fusion-text-no-margin\" style=\"--awb-margin-top:20px;--awb-margin-bottom:10px;\"><p>Vom 14. Mai bis 28. Juni finden in Barcelona die <a href=\"https:\/\/www.barcelona.cat\/setmanesarquitectura\/ca\"><strong>Wochen der Architektur<\/strong><\/a> statt, eine Feier, die mehr als 180 Aktivit\u00e4ten wie Ausstellungen, Wettbewerbe, Preise, gesellschaftliche Zusammenk\u00fcnfte, F\u00fchrungen und Workshops umfasst. Die symboltr\u00e4chtigen Geb\u00e4ude der Stadt bieten Tage der offenen T\u00fcr und Aktivit\u00e4ten f\u00fcr jedes Publikum. Diese Ausgabe widmet der Welthauptstadt der Architektur 2026 und den Zielen f\u00fcr nachhaltige Entwicklung besondere Aufmerksamkeit.<\/p>\n<\/div><div class=\"fusion-image-element \" style=\"--awb-margin-bottom:40px;--awb-caption-title-font-family:var(--h2_typography-font-family);--awb-caption-title-font-weight:var(--h2_typography-font-weight);--awb-caption-title-font-style:var(--h2_typography-font-style);--awb-caption-title-size:var(--h2_typography-font-size);--awb-caption-title-transform:var(--h2_typography-text-transform);--awb-caption-title-line-height:var(--h2_typography-line-height);--awb-caption-title-letter-spacing:var(--h2_typography-letter-spacing);\"><span class=\" fusion-imageframe imageframe-none imageframe-4 hover-type-none\"><img decoding=\"async\" width=\"1500\" height=\"300\" title=\"5\" src=\"https:\/\/barcelonacampings.es\/wp-content\/uploads\/2024\/05\/5.png\" data-orig-src=\"https:\/\/barcelonacampings.es\/wp-content\/uploads\/2024\/05\/5.png\" alt class=\"lazyload img-responsive wp-image-9006\" srcset=\"data:image\/svg+xml,%3Csvg%20xmlns%3D%27http%3A%2F%2Fwww.w3.org%2F2000%2Fsvg%27%20width%3D%271500%27%20height%3D%27300%27%20viewBox%3D%270%200%201500%20300%27%3E%3Crect%20width%3D%271500%27%20height%3D%27300%27%20fill-opacity%3D%220%22%2F%3E%3C%2Fsvg%3E\" data-srcset=\"https:\/\/barcelonacampings.es\/wp-content\/uploads\/2024\/05\/5-200x40.png 200w, https:\/\/barcelonacampings.es\/wp-content\/uploads\/2024\/05\/5-400x80.png 400w, https:\/\/barcelonacampings.es\/wp-content\/uploads\/2024\/05\/5-600x120.png 600w, https:\/\/barcelonacampings.es\/wp-content\/uploads\/2024\/05\/5-800x160.png 800w, https:\/\/barcelonacampings.es\/wp-content\/uploads\/2024\/05\/5-1200x240.png 1200w, https:\/\/barcelonacampings.es\/wp-content\/uploads\/2024\/05\/5.png 1500w\" data-sizes=\"auto\" data-orig-sizes=\"(max-width: 640px) 100vw, 1200px\" \/><\/span><\/div><div class=\"fusion-title title fusion-title-6 fusion-sep-none fusion-title-text fusion-title-size-two\" style=\"--awb-text-color:var(--awb-color5);--awb-margin-bottom:10px;--awb-font-size:30px;\"><h2 class=\"fusion-title-heading title-heading-left\" style=\"margin:0;font-size:1em;\">Versteckte R\u00e4ume<\/h2><\/div><div class=\"fusion-text fusion-text-6 fusion-text-no-margin\" style=\"--awb-margin-top:20px;--awb-margin-bottom:10px;\"><p>Die von Open House Barcelona organisierte Veranstaltung \u201e<strong><a href=\"https:\/\/espaisocults.openhousebarcelona.org\/\">Espais Ocults<\/a><\/strong>\u201c bietet vom 21. Mai bis 7. Juni gef\u00fchrte Besichtigungen von zehn symboltr\u00e4chtigen und wenig bekannten Orten der Stadt. Zu diesen R\u00e4umen geh\u00f6ren unter anderem der monumentale Wasserfall des Ciutadella-Parks, das Wasserreservoir und das Innere des Arc de Triomf. Die von Experten gef\u00fchrten Touren erm\u00f6glichen es Ihnen, das historische Erbe Barcelonas nach vorheriger Anmeldung und einem Preis von 5 Euro pro Reservierung zu entdecken.<\/p>\n<\/div><div class=\"fusion-image-element \" style=\"--awb-margin-bottom:40px;--awb-caption-title-font-family:var(--h2_typography-font-family);--awb-caption-title-font-weight:var(--h2_typography-font-weight);--awb-caption-title-font-style:var(--h2_typography-font-style);--awb-caption-title-size:var(--h2_typography-font-size);--awb-caption-title-transform:var(--h2_typography-text-transform);--awb-caption-title-line-height:var(--h2_typography-line-height);--awb-caption-title-letter-spacing:var(--h2_typography-letter-spacing);\"><span class=\" fusion-imageframe imageframe-none imageframe-5 hover-type-none\"><img decoding=\"async\" width=\"1500\" height=\"300\" title=\"6\" src=\"https:\/\/barcelonacampings.es\/wp-content\/uploads\/2024\/05\/6.png\" data-orig-src=\"https:\/\/barcelonacampings.es\/wp-content\/uploads\/2024\/05\/6.png\" alt class=\"lazyload img-responsive wp-image-9012\" srcset=\"data:image\/svg+xml,%3Csvg%20xmlns%3D%27http%3A%2F%2Fwww.w3.org%2F2000%2Fsvg%27%20width%3D%271500%27%20height%3D%27300%27%20viewBox%3D%270%200%201500%20300%27%3E%3Crect%20width%3D%271500%27%20height%3D%27300%27%20fill-opacity%3D%220%22%2F%3E%3C%2Fsvg%3E\" data-srcset=\"https:\/\/barcelonacampings.es\/wp-content\/uploads\/2024\/05\/6-200x40.png 200w, https:\/\/barcelonacampings.es\/wp-content\/uploads\/2024\/05\/6-400x80.png 400w, https:\/\/barcelonacampings.es\/wp-content\/uploads\/2024\/05\/6-600x120.png 600w, https:\/\/barcelonacampings.es\/wp-content\/uploads\/2024\/05\/6-800x160.png 800w, https:\/\/barcelonacampings.es\/wp-content\/uploads\/2024\/05\/6-1200x240.png 1200w, https:\/\/barcelonacampings.es\/wp-content\/uploads\/2024\/05\/6.png 1500w\" data-sizes=\"auto\" data-orig-sizes=\"(max-width: 640px) 100vw, 1200px\" \/><\/span><\/div><div class=\"fusion-title title fusion-title-7 fusion-sep-none fusion-title-text fusion-title-size-two\" style=\"--awb-text-color:var(--awb-color5);--awb-margin-bottom:10px;--awb-font-size:30px;\"><h2 class=\"fusion-title-heading title-heading-left\" style=\"margin:0;font-size:1em;\">Parks im Konzert<\/h2><\/div><div class=\"fusion-text fusion-text-7 fusion-text-no-margin\" style=\"--awb-margin-top:20px;--awb-margin-bottom:10px;\"><p>In diesem Jahr bietet der Zyklus \u201eParks in Concert\u201c von April bis Oktober eine Reihe kostenloser Konzerte in verschiedenen Parks und Naturr\u00e4umen in der Provinz Barcelona an. Mit einem abwechslungsreichen Programm, das Originalmusik, Folk-, Pop- und Poesievortr\u00e4ge umfasst, zielt diese Veranstaltung darauf ab, das katalanische Musikerbe zu beleben und zu f\u00f6rdern. Zu den Konzerten, f\u00fcr die eine vorherige Anmeldung erforderlich ist, werden auch F\u00fchrungen durch die Umgebung angeboten.<\/p>\n<\/div><div class=\"fusion-image-element \" style=\"--awb-margin-bottom:40px;--awb-caption-title-font-family:var(--h2_typography-font-family);--awb-caption-title-font-weight:var(--h2_typography-font-weight);--awb-caption-title-font-style:var(--h2_typography-font-style);--awb-caption-title-size:var(--h2_typography-font-size);--awb-caption-title-transform:var(--h2_typography-text-transform);--awb-caption-title-line-height:var(--h2_typography-line-height);--awb-caption-title-letter-spacing:var(--h2_typography-letter-spacing);\"><span class=\" fusion-imageframe imageframe-none imageframe-6 hover-type-none\"><img decoding=\"async\" width=\"1500\" height=\"300\" title=\"7\" src=\"https:\/\/barcelonacampings.es\/wp-content\/uploads\/2024\/05\/7.png\" data-orig-src=\"https:\/\/barcelonacampings.es\/wp-content\/uploads\/2024\/05\/7.png\" alt class=\"lazyload img-responsive wp-image-9018\" srcset=\"data:image\/svg+xml,%3Csvg%20xmlns%3D%27http%3A%2F%2Fwww.w3.org%2F2000%2Fsvg%27%20width%3D%271500%27%20height%3D%27300%27%20viewBox%3D%270%200%201500%20300%27%3E%3Crect%20width%3D%271500%27%20height%3D%27300%27%20fill-opacity%3D%220%22%2F%3E%3C%2Fsvg%3E\" data-srcset=\"https:\/\/barcelonacampings.es\/wp-content\/uploads\/2024\/05\/7-200x40.png 200w, https:\/\/barcelonacampings.es\/wp-content\/uploads\/2024\/05\/7-400x80.png 400w, https:\/\/barcelonacampings.es\/wp-content\/uploads\/2024\/05\/7-600x120.png 600w, https:\/\/barcelonacampings.es\/wp-content\/uploads\/2024\/05\/7-800x160.png 800w, https:\/\/barcelonacampings.es\/wp-content\/uploads\/2024\/05\/7-1200x240.png 1200w, https:\/\/barcelonacampings.es\/wp-content\/uploads\/2024\/05\/7.png 1500w\" data-sizes=\"auto\" data-orig-sizes=\"(max-width: 640px) 100vw, 1200px\" \/><\/span><\/div><\/div><\/div><div class=\"fusion-layout-column fusion_builder_column fusion-builder-column-2 fusion_builder_column_1_1 1_1 fusion-flex-column\" style=\"--awb-bg-size:cover;--awb-width-large:100%;--awb-margin-top-large:0px;--awb-spacing-right-large:1.92%;--awb-margin-bottom-large:20px;--awb-spacing-left-large:1.92%;--awb-width-medium:100%;--awb-order-medium:0;--awb-spacing-right-medium:1.92%;--awb-spacing-left-medium:1.92%;--awb-width-small:100%;--awb-order-small:0;--awb-spacing-right-small:1.92%;--awb-spacing-left-small:1.92%;\"><div class=\"fusion-column-wrapper fusion-column-has-shadow fusion-flex-justify-content-flex-start fusion-content-layout-column\"><div class=\"fusion-text fusion-text-8 fusion-text-no-margin\" style=\"--awb-margin-top:20px;--awb-margin-bottom:30px;\"><p>Der Monat Juni ist in Barcelona voller Veranstaltungen und Aktivit\u00e4ten f\u00fcr jeden Geschmack. Von jahrhundertealten Traditionen wie dem Tanzenden Ei bis hin zu gastronomischen Veranstaltungen, Konzerten und Freiluftkino bietet die Stadt eine Vielzahl von M\u00f6glichkeiten, den Beginn des Sommers zu genie\u00dfen. Egal, ob Sie Einwohner oder Besucher sind, Barcelona bietet Ihnen ein Programm voller M\u00f6glichkeiten, seine reiche Kultur und Geschichte zu entdecken und zu genie\u00dfen. Lassen Sie sich diese einzigartigen Erlebnisse im Juni nicht entgehen!<\/p>\n<\/div><\/div><\/div><\/div><\/div>\n","protected":false},"excerpt":{"rendered":"<p>Die besten Pl\u00e4ne f\u00fcr Barcelona im Juni 2024!<\/p>\n","protected":false},"author":2,"featured_media":9034,"comment_status":"closed","ping_status":"closed","sticky":false,"template":"","format":"standard","meta":{"_acf_changed":false,"footnotes":""},"categories":[73],"tags":[],"class_list":["post-9052","post","type-post","status-publish","format-standard","has-post-thumbnail","hentry","category-gebiet"],"acf":[],"yoast_head":"<!-- This site is optimized with the Yoast SEO plugin v26.1.1 - https:\/\/yoast.com\/wordpress\/plugins\/seo\/ -->\n<title>Was kann man im Juni in Barcelona unternehmen? - Campingpl\u00e4tze in Barcelona<\/title>\n<meta name=\"description\" content=\"Wir pr\u00e4sentieren die besten Pl\u00e4ne f\u00fcr diesen Juni in Barcelona!\" \/>\n<meta name=\"robots\" content=\"index, follow, max-snippet:-1, max-image-preview:large, max-video-preview:-1\" \/>\n<link rel=\"canonical\" href=\"https:\/\/barcelonacampings.es\/de\/was-kann-man-im-juni-in-barcelona-unternehmen\/\" \/>\n<meta property=\"og:locale\" content=\"de_DE\" \/>\n<meta property=\"og:type\" content=\"article\" \/>\n<meta property=\"og:title\" content=\"Was kann man im Juni in Barcelona unternehmen? - Campingpl\u00e4tze in Barcelona\" \/>\n<meta property=\"og:description\" content=\"Wir pr\u00e4sentieren die besten Pl\u00e4ne f\u00fcr diesen Juni in Barcelona!\" \/>\n<meta property=\"og:url\" content=\"https:\/\/barcelonacampings.es\/de\/was-kann-man-im-juni-in-barcelona-unternehmen\/\" \/>\n<meta property=\"og:site_name\" content=\"Associaci\u00f3n de C\u00e1mpings y C.V. de Barcelona\" \/>\n<meta property=\"article:published_time\" content=\"2024-05-28T09:27:36+00:00\" \/>\n<meta property=\"article:modified_time\" content=\"2024-05-28T09:57:15+00:00\" \/>\n<meta property=\"og:image\" content=\"https:\/\/barcelonacampings.es\/wp-content\/uploads\/2024\/05\/Fotos-aritcles-4.png\" \/>\n\t<meta property=\"og:image:width\" content=\"1000\" \/>\n\t<meta property=\"og:image:height\" content=\"600\" \/>\n\t<meta property=\"og:image:type\" content=\"image\/png\" \/>\n<meta name=\"author\" content=\"Sergi\" \/>\n<meta name=\"twitter:card\" content=\"summary_large_image\" \/>\n<meta name=\"twitter:label1\" content=\"Verfasst von\" \/>\n\t<meta name=\"twitter:data1\" content=\"Sergi\" \/>\n\t<meta name=\"twitter:label2\" content=\"Gesch\u00e4tzte Lesezeit\" \/>\n\t<meta name=\"twitter:data2\" content=\"28\u00a0Minuten\" \/>\n<script type=\"application\/ld+json\" class=\"yoast-schema-graph\">{\"@context\":\"https:\/\/schema.org\",\"@graph\":[{\"@type\":\"WebPage\",\"@id\":\"https:\/\/barcelonacampings.es\/de\/was-kann-man-im-juni-in-barcelona-unternehmen\/\",\"url\":\"https:\/\/barcelonacampings.es\/de\/was-kann-man-im-juni-in-barcelona-unternehmen\/\",\"name\":\"Was kann man im Juni in Barcelona unternehmen? - Campingpl\u00e4tze in Barcelona\",\"isPartOf\":{\"@id\":\"https:\/\/barcelonacampings.es\/de\/#website\"},\"primaryImageOfPage\":{\"@id\":\"https:\/\/barcelonacampings.es\/de\/was-kann-man-im-juni-in-barcelona-unternehmen\/#primaryimage\"},\"image\":{\"@id\":\"https:\/\/barcelonacampings.es\/de\/was-kann-man-im-juni-in-barcelona-unternehmen\/#primaryimage\"},\"thumbnailUrl\":\"https:\/\/barcelonacampings.es\/wp-content\/uploads\/2024\/05\/Fotos-aritcles-4.png\",\"datePublished\":\"2024-05-28T09:27:36+00:00\",\"dateModified\":\"2024-05-28T09:57:15+00:00\",\"author\":{\"@id\":\"https:\/\/barcelonacampings.es\/de\/#\/schema\/person\/70864e0d5d41a8dd0b0996451d637d8b\"},\"description\":\"Wir pr\u00e4sentieren die besten Pl\u00e4ne f\u00fcr diesen Juni in Barcelona!\",\"breadcrumb\":{\"@id\":\"https:\/\/barcelonacampings.es\/de\/was-kann-man-im-juni-in-barcelona-unternehmen\/#breadcrumb\"},\"inLanguage\":\"de\",\"potentialAction\":[{\"@type\":\"ReadAction\",\"target\":[\"https:\/\/barcelonacampings.es\/de\/was-kann-man-im-juni-in-barcelona-unternehmen\/\"]}]},{\"@type\":\"ImageObject\",\"inLanguage\":\"de\",\"@id\":\"https:\/\/barcelonacampings.es\/de\/was-kann-man-im-juni-in-barcelona-unternehmen\/#primaryimage\",\"url\":\"https:\/\/barcelonacampings.es\/wp-content\/uploads\/2024\/05\/Fotos-aritcles-4.png\",\"contentUrl\":\"https:\/\/barcelonacampings.es\/wp-content\/uploads\/2024\/05\/Fotos-aritcles-4.png\",\"width\":1000,\"height\":600,\"caption\":\"Plans a Barcelona juny 2024\"},{\"@type\":\"BreadcrumbList\",\"@id\":\"https:\/\/barcelonacampings.es\/de\/was-kann-man-im-juni-in-barcelona-unternehmen\/#breadcrumb\",\"itemListElement\":[{\"@type\":\"ListItem\",\"position\":1,\"name\":\"Inici\",\"item\":\"https:\/\/barcelonacampings.es\/de\/\"},{\"@type\":\"ListItem\",\"position\":2,\"name\":\"Was kann man im Juni in Barcelona unternehmen?\"}]},{\"@type\":\"WebSite\",\"@id\":\"https:\/\/barcelonacampings.es\/de\/#website\",\"url\":\"https:\/\/barcelonacampings.es\/de\/\",\"name\":\"Associaci\u00f3n de C\u00e1mpings y C.V. de Barcelona\",\"description\":\"\",\"potentialAction\":[{\"@type\":\"SearchAction\",\"target\":{\"@type\":\"EntryPoint\",\"urlTemplate\":\"https:\/\/barcelonacampings.es\/de\/?s={search_term_string}\"},\"query-input\":{\"@type\":\"PropertyValueSpecification\",\"valueRequired\":true,\"valueName\":\"search_term_string\"}}],\"inLanguage\":\"de\"},{\"@type\":\"Person\",\"@id\":\"https:\/\/barcelonacampings.es\/de\/#\/schema\/person\/70864e0d5d41a8dd0b0996451d637d8b\",\"name\":\"Sergi\",\"image\":{\"@type\":\"ImageObject\",\"inLanguage\":\"de\",\"@id\":\"https:\/\/barcelonacampings.es\/de\/#\/schema\/person\/image\/\",\"url\":\"https:\/\/secure.gravatar.com\/avatar\/0c5e25fe58733a3a9bf59118c8eba7418f246c7854013b1c72000bd8dde1a1de?s=96&d=mm&r=g\",\"contentUrl\":\"https:\/\/secure.gravatar.com\/avatar\/0c5e25fe58733a3a9bf59118c8eba7418f246c7854013b1c72000bd8dde1a1de?s=96&d=mm&r=g\",\"caption\":\"Sergi\"}}]}<\/script>\n<!-- \/ Yoast SEO plugin. -->","yoast_head_json":{"title":"Was kann man im Juni in Barcelona unternehmen? - Campingpl\u00e4tze in Barcelona","description":"Wir pr\u00e4sentieren die besten Pl\u00e4ne f\u00fcr diesen Juni in Barcelona!","robots":{"index":"index","follow":"follow","max-snippet":"max-snippet:-1","max-image-preview":"max-image-preview:large","max-video-preview":"max-video-preview:-1"},"canonical":"https:\/\/barcelonacampings.es\/de\/was-kann-man-im-juni-in-barcelona-unternehmen\/","og_locale":"de_DE","og_type":"article","og_title":"Was kann man im Juni in Barcelona unternehmen? - Campingpl\u00e4tze in Barcelona","og_description":"Wir pr\u00e4sentieren die besten Pl\u00e4ne f\u00fcr diesen Juni in Barcelona!","og_url":"https:\/\/barcelonacampings.es\/de\/was-kann-man-im-juni-in-barcelona-unternehmen\/","og_site_name":"Associaci\u00f3n de C\u00e1mpings y C.V. de Barcelona","article_published_time":"2024-05-28T09:27:36+00:00","article_modified_time":"2024-05-28T09:57:15+00:00","og_image":[{"width":1000,"height":600,"url":"https:\/\/barcelonacampings.es\/wp-content\/uploads\/2024\/05\/Fotos-aritcles-4.png","type":"image\/png"}],"author":"Sergi","twitter_card":"summary_large_image","twitter_misc":{"Verfasst von":"Sergi","Gesch\u00e4tzte Lesezeit":"28\u00a0Minuten"},"schema":{"@context":"https:\/\/schema.org","@graph":[{"@type":"WebPage","@id":"https:\/\/barcelonacampings.es\/de\/was-kann-man-im-juni-in-barcelona-unternehmen\/","url":"https:\/\/barcelonacampings.es\/de\/was-kann-man-im-juni-in-barcelona-unternehmen\/","name":"Was kann man im Juni in Barcelona unternehmen? - Campingpl\u00e4tze in Barcelona","isPartOf":{"@id":"https:\/\/barcelonacampings.es\/de\/#website"},"primaryImageOfPage":{"@id":"https:\/\/barcelonacampings.es\/de\/was-kann-man-im-juni-in-barcelona-unternehmen\/#primaryimage"},"image":{"@id":"https:\/\/barcelonacampings.es\/de\/was-kann-man-im-juni-in-barcelona-unternehmen\/#primaryimage"},"thumbnailUrl":"https:\/\/barcelonacampings.es\/wp-content\/uploads\/2024\/05\/Fotos-aritcles-4.png","datePublished":"2024-05-28T09:27:36+00:00","dateModified":"2024-05-28T09:57:15+00:00","author":{"@id":"https:\/\/barcelonacampings.es\/de\/#\/schema\/person\/70864e0d5d41a8dd0b0996451d637d8b"},"description":"Wir pr\u00e4sentieren die besten Pl\u00e4ne f\u00fcr diesen Juni in Barcelona!","breadcrumb":{"@id":"https:\/\/barcelonacampings.es\/de\/was-kann-man-im-juni-in-barcelona-unternehmen\/#breadcrumb"},"inLanguage":"de","potentialAction":[{"@type":"ReadAction","target":["https:\/\/barcelonacampings.es\/de\/was-kann-man-im-juni-in-barcelona-unternehmen\/"]}]},{"@type":"ImageObject","inLanguage":"de","@id":"https:\/\/barcelonacampings.es\/de\/was-kann-man-im-juni-in-barcelona-unternehmen\/#primaryimage","url":"https:\/\/barcelonacampings.es\/wp-content\/uploads\/2024\/05\/Fotos-aritcles-4.png","contentUrl":"https:\/\/barcelonacampings.es\/wp-content\/uploads\/2024\/05\/Fotos-aritcles-4.png","width":1000,"height":600,"caption":"Plans a Barcelona juny 2024"},{"@type":"BreadcrumbList","@id":"https:\/\/barcelonacampings.es\/de\/was-kann-man-im-juni-in-barcelona-unternehmen\/#breadcrumb","itemListElement":[{"@type":"ListItem","position":1,"name":"Inici","item":"https:\/\/barcelonacampings.es\/de\/"},{"@type":"ListItem","position":2,"name":"Was kann man im Juni in Barcelona unternehmen?"}]},{"@type":"WebSite","@id":"https:\/\/barcelonacampings.es\/de\/#website","url":"https:\/\/barcelonacampings.es\/de\/","name":"Associaci\u00f3n de C\u00e1mpings y C.V. de Barcelona","description":"","potentialAction":[{"@type":"SearchAction","target":{"@type":"EntryPoint","urlTemplate":"https:\/\/barcelonacampings.es\/de\/?s={search_term_string}"},"query-input":{"@type":"PropertyValueSpecification","valueRequired":true,"valueName":"search_term_string"}}],"inLanguage":"de"},{"@type":"Person","@id":"https:\/\/barcelonacampings.es\/de\/#\/schema\/person\/70864e0d5d41a8dd0b0996451d637d8b","name":"Sergi","image":{"@type":"ImageObject","inLanguage":"de","@id":"https:\/\/barcelonacampings.es\/de\/#\/schema\/person\/image\/","url":"https:\/\/secure.gravatar.com\/avatar\/0c5e25fe58733a3a9bf59118c8eba7418f246c7854013b1c72000bd8dde1a1de?s=96&d=mm&r=g","contentUrl":"https:\/\/secure.gravatar.com\/avatar\/0c5e25fe58733a3a9bf59118c8eba7418f246c7854013b1c72000bd8dde1a1de?s=96&d=mm&r=g","caption":"Sergi"}}]}},"_links":{"self":[{"href":"https:\/\/barcelonacampings.es\/de\/wp-json\/wp\/v2\/posts\/9052","targetHints":{"allow":["GET"]}}],"collection":[{"href":"https:\/\/barcelonacampings.es\/de\/wp-json\/wp\/v2\/posts"}],"about":[{"href":"https:\/\/barcelonacampings.es\/de\/wp-json\/wp\/v2\/types\/post"}],"author":[{"embeddable":true,"href":"https:\/\/barcelonacampings.es\/de\/wp-json\/wp\/v2\/users\/2"}],"replies":[{"embeddable":true,"href":"https:\/\/barcelonacampings.es\/de\/wp-json\/wp\/v2\/comments?post=9052"}],"version-history":[{"count":3,"href":"https:\/\/barcelonacampings.es\/de\/wp-json\/wp\/v2\/posts\/9052\/revisions"}],"predecessor-version":[{"id":9055,"href":"https:\/\/barcelonacampings.es\/de\/wp-json\/wp\/v2\/posts\/9052\/revisions\/9055"}],"wp:featuredmedia":[{"embeddable":true,"href":"https:\/\/barcelonacampings.es\/de\/wp-json\/wp\/v2\/media\/9034"}],"wp:attachment":[{"href":"https:\/\/barcelonacampings.es\/de\/wp-json\/wp\/v2\/media?parent=9052"}],"wp:term":[{"taxonomy":"category","embeddable":true,"href":"https:\/\/barcelonacampings.es\/de\/wp-json\/wp\/v2\/categories?post=9052"},{"taxonomy":"post_tag","embeddable":true,"href":"https:\/\/barcelonacampings.es\/de\/wp-json\/wp\/v2\/tags?post=9052"}],"curies":[{"name":"wp","href":"https:\/\/api.w.org\/{rel}","templated":true}]}}