{"id":12488,"date":"2026-03-12T11:18:43","date_gmt":"2026-03-12T10:18:43","guid":{"rendered":"https:\/\/barcelonacampings.es\/entrevista-en-el-camping-platja-vilanova\/"},"modified":"2026-03-12T12:09:48","modified_gmt":"2026-03-12T11:09:48","slug":"entrevista-en-el-camping-platja-vilanova","status":"publish","type":"post","link":"https:\/\/barcelonacampings.es\/es\/entrevista-en-el-camping-platja-vilanova\/","title":{"rendered":"Entrevista en el Camping Platja Vilanova"},"content":{"rendered":"<div class=\"fusion-fullwidth fullwidth-box fusion-builder-row-1 fusion-flex-container has-pattern-background has-mask-background nonhundred-percent-fullwidth non-hundred-percent-height-scrolling\" style=\"--awb-border-radius-top-left:0px;--awb-border-radius-top-right:0px;--awb-border-radius-bottom-right:0px;--awb-border-radius-bottom-left:0px;--awb-flex-wrap:wrap;\" ><div class=\"fusion-builder-row fusion-row fusion-flex-align-items-flex-start fusion-flex-content-wrap\" style=\"max-width:1248px;margin-left: calc(-4% \/ 2 );margin-right: calc(-4% \/ 2 );\"><div class=\"fusion-layout-column fusion_builder_column fusion-builder-column-0 fusion_builder_column_1_1 1_1 fusion-flex-column\" style=\"--awb-bg-size:cover;--awb-width-large:100%;--awb-margin-top-large:0px;--awb-spacing-right-large:1.92%;--awb-margin-bottom-large:20px;--awb-spacing-left-large:1.92%;--awb-width-medium:100%;--awb-order-medium:0;--awb-spacing-right-medium:1.92%;--awb-spacing-left-medium:1.92%;--awb-width-small:100%;--awb-order-small:0;--awb-spacing-right-small:1.92%;--awb-spacing-left-small:1.92%;\"><div class=\"fusion-column-wrapper fusion-column-has-shadow fusion-flex-justify-content-flex-start fusion-content-layout-column\"><div class=\"fusion-text fusion-text-1 fusion-text-no-margin\" style=\"--awb-margin-top:15px;--awb-margin-bottom:10px;\"><p data-start=\"766\" data-end=\"936\">Pregunta: \u00bfC\u00f3mo y cu\u00e1ndo se abri\u00f3 su camping? \u00bfQui\u00e9n lo gestiona actualmente?<\/p>\n<p>Respuesta: <strong><em>Al principio se abri\u00f3 una peque\u00f1a zona de 2,5 hect\u00e1reas con bar, un peque\u00f1o supermercado y 2 grupos sanitarios. Posteriormente, se realizar\u00edan sucesivas ampliaciones hasta las 6 hect\u00e1reas actuales, la piscina, supermercado nuevo, \u00e1rea deportiva, ampliaci\u00f3n del bar-restaurante, 2 grupos sanitarios m\u00e1s, placas solares para agua sanitaria y los bungalow.<br \/>\nEn 1989 pas\u00f3 a ser Sociedad An\u00f3nima, pero siempre dirigido por la propia familia. <\/em><\/strong><\/p>\n<p>P: \u00bfQu\u00e9 destacar\u00edas como la esencia de su camping? \u00bfQu\u00e9 es lo que le hace \u00fanicos y especiales?<\/p>\n<p>R: La esencia del Camping Platja Vilanova es que siempre ha sido muy familiar, tanto en la direcci\u00f3n como en el trato con los clientes.<\/p>\n<p>P: \u00bfQu\u00e9 tipo de cliente es el que m\u00e1s le visita?<\/p>\n<p>R: <strong><em>El origen de los clientes es mayoritariamente catal\u00e1n. Aunque en verano tambi\u00e9n recibimos muchos del resto de Espa\u00f1a y Europa. <\/em><\/strong><\/p>\n<p>P: \u00bfQu\u00e9 mejora o proyecto le hace sentir m\u00e1s orgullosos?<\/p>\n<p>R: Nos sentimos especialmente orgullosos de nuestros \u00faltimos proyectos: nuevos bungalows, piscina infantil y placas de energ\u00eda fotovoltaica.<\/p>\n<\/div><div class=\"fusion-image-element \" style=\"--awb-margin-top:10px;--awb-margin-bottom:40px;--awb-caption-title-font-family:var(--h2_typography-font-family);--awb-caption-title-font-weight:var(--h2_typography-font-weight);--awb-caption-title-font-style:var(--h2_typography-font-style);--awb-caption-title-size:var(--h2_typography-font-size);--awb-caption-title-transform:var(--h2_typography-text-transform);--awb-caption-title-line-height:var(--h2_typography-line-height);--awb-caption-title-letter-spacing:var(--h2_typography-letter-spacing);\"><span class=\" fusion-imageframe imageframe-none imageframe-1 hover-type-none\"><img decoding=\"async\" width=\"1021\" height=\"510\" title=\"C\u00e0mping Platja Vilanova\" src=\"https:\/\/barcelonacampings.es\/wp-content\/uploads\/2026\/03\/Captura-de-pantalla-2026-03-12-a-les-11.13.36.png\" data-orig-src=\"https:\/\/barcelonacampings.es\/wp-content\/uploads\/2026\/03\/Captura-de-pantalla-2026-03-12-a-les-11.13.36.png\" alt class=\"lazyload img-responsive wp-image-12485\" srcset=\"data:image\/svg+xml,%3Csvg%20xmlns%3D%27http%3A%2F%2Fwww.w3.org%2F2000%2Fsvg%27%20width%3D%271021%27%20height%3D%27510%27%20viewBox%3D%270%200%201021%20510%27%3E%3Crect%20width%3D%271021%27%20height%3D%27510%27%20fill-opacity%3D%220%22%2F%3E%3C%2Fsvg%3E\" data-srcset=\"https:\/\/barcelonacampings.es\/wp-content\/uploads\/2026\/03\/Captura-de-pantalla-2026-03-12-a-les-11.13.36-200x100.png 200w, https:\/\/barcelonacampings.es\/wp-content\/uploads\/2026\/03\/Captura-de-pantalla-2026-03-12-a-les-11.13.36-400x200.png 400w, https:\/\/barcelonacampings.es\/wp-content\/uploads\/2026\/03\/Captura-de-pantalla-2026-03-12-a-les-11.13.36-600x300.png 600w, https:\/\/barcelonacampings.es\/wp-content\/uploads\/2026\/03\/Captura-de-pantalla-2026-03-12-a-les-11.13.36-800x400.png 800w, https:\/\/barcelonacampings.es\/wp-content\/uploads\/2026\/03\/Captura-de-pantalla-2026-03-12-a-les-11.13.36.png 1021w\" data-sizes=\"auto\" data-orig-sizes=\"(max-width: 640px) 100vw, 1021px\" \/><\/span><\/div><div class=\"fusion-text fusion-text-2 fusion-text-no-margin\" style=\"--awb-margin-top:15px;--awb-margin-bottom:10px;\"><p>P: Un recuerdo especial o momento entra\u00f1able de la trayectoria del camping<\/p>\n<p>R: <strong><em>Un momento entra\u00f1able para nosotros en la trayectoria del camping ha sido el relevo en la direcci\u00f3n del sr. Antonio S\u00e1nchez, despu\u00e9s de su jubilaci\u00f3n, por sus hijos. Siguiendo la esencia de empresa familiar. <\/em><\/strong><\/p>\n<p>P: Si tuvieras que recomendar una experiencia cerca del camping, \u00bfcu\u00e1l ser\u00eda?<\/p>\n<p>R: Si tuvi\u00e9ramos que recomendar experiencias cercanas al camping ser\u00edan los deportes n\u00e1uticos en Vilanova, la enolog\u00eda en el Pened\u00e8s y la tranquilidad de las playas cercanas al camping.<\/p>\n<p>P: \u00bfQu\u00e9 reto consideras m\u00e1s importante actualmente para el sector del camping?<\/p>\n<p>R: <strong><em>Consideramos que el reto m\u00e1s importante del sector del camping es la adaptaci\u00f3n al cambio clim\u00e1tico y sus amenazas. Nosotros estamos apostando por energ\u00edas renovables con la implantaci\u00f3n de placas solares y la utilizaci\u00f3n de veh\u00edculos el\u00e9ctricos. <\/em><\/strong><\/p>\n<p>P: Si tuviera que definir su camping en 3 palabras, \u00bfcu\u00e1les ser\u00edan?<\/p>\n<p>R: Si tuvi\u00e9semos que definir nuestro camping en pocas palabras dir\u00edamos que es un camping muy familiar.<\/p>\n<p>Queremos agradecer sinceramente la colaboraci\u00f3n del Camping Platja Vilanova y felicitarlo por el trabajo realizado, la dedicaci\u00f3n y la aportaci\u00f3n a nuestro sector, iniciativas como la de Antonio S\u00e1nchez y su familia nos ayudan a seguir creciendo ya poner en valor la fuerza del conjunto de los establecimientos asociados.<\/p>\n<\/div><div class=\"fusion-image-element \" style=\"--awb-margin-top:10px;--awb-margin-bottom:40px;--awb-caption-title-font-family:var(--h2_typography-font-family);--awb-caption-title-font-weight:var(--h2_typography-font-weight);--awb-caption-title-font-style:var(--h2_typography-font-style);--awb-caption-title-size:var(--h2_typography-font-size);--awb-caption-title-transform:var(--h2_typography-text-transform);--awb-caption-title-line-height:var(--h2_typography-line-height);--awb-caption-title-letter-spacing:var(--h2_typography-letter-spacing);\"><span class=\" fusion-imageframe imageframe-none imageframe-2 hover-type-none\"><img decoding=\"async\" width=\"1040\" height=\"506\" title=\"C\u00e0mping Platja Vilanova\" src=\"https:\/\/barcelonacampings.es\/wp-content\/uploads\/2026\/03\/Captura-de-pantalla-2026-03-12-a-les-11.11.50.png\" data-orig-src=\"https:\/\/barcelonacampings.es\/wp-content\/uploads\/2026\/03\/Captura-de-pantalla-2026-03-12-a-les-11.11.50.png\" alt class=\"lazyload img-responsive wp-image-12486\" srcset=\"data:image\/svg+xml,%3Csvg%20xmlns%3D%27http%3A%2F%2Fwww.w3.org%2F2000%2Fsvg%27%20width%3D%271040%27%20height%3D%27506%27%20viewBox%3D%270%200%201040%20506%27%3E%3Crect%20width%3D%271040%27%20height%3D%27506%27%20fill-opacity%3D%220%22%2F%3E%3C%2Fsvg%3E\" data-srcset=\"https:\/\/barcelonacampings.es\/wp-content\/uploads\/2026\/03\/Captura-de-pantalla-2026-03-12-a-les-11.11.50-200x97.png 200w, https:\/\/barcelonacampings.es\/wp-content\/uploads\/2026\/03\/Captura-de-pantalla-2026-03-12-a-les-11.11.50-400x195.png 400w, https:\/\/barcelonacampings.es\/wp-content\/uploads\/2026\/03\/Captura-de-pantalla-2026-03-12-a-les-11.11.50-600x292.png 600w, https:\/\/barcelonacampings.es\/wp-content\/uploads\/2026\/03\/Captura-de-pantalla-2026-03-12-a-les-11.11.50-800x389.png 800w, https:\/\/barcelonacampings.es\/wp-content\/uploads\/2026\/03\/Captura-de-pantalla-2026-03-12-a-les-11.11.50.png 1040w\" data-sizes=\"auto\" data-orig-sizes=\"(max-width: 640px) 100vw, 1040px\" \/><\/span><\/div><div style=\"text-align:center;\"><a class=\"fusion-button button-flat fusion-button-default-size button-default fusion-button-default button-1 fusion-button-default-span fusion-button-default-type\" target=\"_self\" href=\"https:\/\/barcelonacampings.es\/es\/campings\/platja-vilanova\/\"><span class=\"fusion-button-text\">C\u00e0mping Platja Vilanova<\/span><\/a><\/div><\/div><\/div><\/div><\/div>\n","protected":false},"excerpt":{"rendered":"<p>Descubre el Camping Playa Vilanova de la mano del l\u00edder del proyecto, Antonio S\u00e1nchez.<\/p>\n","protected":false},"author":2,"featured_media":12487,"comment_status":"closed","ping_status":"closed","sticky":false,"template":"","format":"standard","meta":{"_acf_changed":false,"footnotes":""},"categories":[9],"tags":[],"class_list":["post-12488","post","type-post","status-publish","format-standard","has-post-thumbnail","hentry","category-sin-categorizar"],"acf":[],"yoast_head":"<!-- This site is optimized with the Yoast SEO plugin v26.1.1 - https:\/\/yoast.com\/wordpress\/plugins\/seo\/ -->\n<title>Entrevista al camping playa Vilanova - Campings de Barcelona<\/title>\n<meta name=\"description\" content=\"Descubre el Camping Playa Vilanova de la mano del l\u00edder del proyecto, Antonio S\u00e1nchez.\" \/>\n<meta name=\"robots\" content=\"index, follow, max-snippet:-1, max-image-preview:large, max-video-preview:-1\" \/>\n<link rel=\"canonical\" href=\"https:\/\/barcelonacampings.es\/es\/entrevista-en-el-camping-platja-vilanova\/\" \/>\n<meta property=\"og:locale\" content=\"es_ES\" \/>\n<meta property=\"og:type\" content=\"article\" \/>\n<meta property=\"og:title\" content=\"Entrevista al camping playa Vilanova - Campings de Barcelona\" \/>\n<meta property=\"og:description\" content=\"Descubre el Camping Playa Vilanova de la mano del l\u00edder del proyecto, Antonio S\u00e1nchez.\" \/>\n<meta property=\"og:url\" content=\"https:\/\/barcelonacampings.es\/es\/entrevista-en-el-camping-platja-vilanova\/\" \/>\n<meta property=\"og:site_name\" content=\"Associaci\u00f3n de C\u00e1mpings y C.V. de Barcelona\" \/>\n<meta property=\"article:published_time\" content=\"2026-03-12T10:18:43+00:00\" \/>\n<meta property=\"article:modified_time\" content=\"2026-03-12T11:09:48+00:00\" \/>\n<meta property=\"og:image\" content=\"https:\/\/barcelonacampings.es\/wp-content\/uploads\/2026\/03\/Fotos-aritcles-1.png\" \/>\n\t<meta property=\"og:image:width\" content=\"1000\" \/>\n\t<meta property=\"og:image:height\" content=\"600\" \/>\n\t<meta property=\"og:image:type\" content=\"image\/png\" \/>\n<meta name=\"author\" content=\"Sergi\" \/>\n<meta name=\"twitter:card\" content=\"summary_large_image\" \/>\n<meta name=\"twitter:label1\" content=\"Escrito por\" \/>\n\t<meta name=\"twitter:data1\" content=\"Sergi\" \/>\n\t<meta name=\"twitter:label2\" content=\"Tiempo de lectura\" \/>\n\t<meta name=\"twitter:data2\" content=\"3 minutos\" \/>\n<script type=\"application\/ld+json\" class=\"yoast-schema-graph\">{\"@context\":\"https:\/\/schema.org\",\"@graph\":[{\"@type\":\"WebPage\",\"@id\":\"https:\/\/barcelonacampings.es\/es\/entrevista-en-el-camping-platja-vilanova\/\",\"url\":\"https:\/\/barcelonacampings.es\/es\/entrevista-en-el-camping-platja-vilanova\/\",\"name\":\"Entrevista al camping playa Vilanova - Campings de Barcelona\",\"isPartOf\":{\"@id\":\"https:\/\/barcelonacampings.es\/es\/#website\"},\"primaryImageOfPage\":{\"@id\":\"https:\/\/barcelonacampings.es\/es\/entrevista-en-el-camping-platja-vilanova\/#primaryimage\"},\"image\":{\"@id\":\"https:\/\/barcelonacampings.es\/es\/entrevista-en-el-camping-platja-vilanova\/#primaryimage\"},\"thumbnailUrl\":\"https:\/\/barcelonacampings.es\/wp-content\/uploads\/2026\/03\/Fotos-aritcles-1.png\",\"datePublished\":\"2026-03-12T10:18:43+00:00\",\"dateModified\":\"2026-03-12T11:09:48+00:00\",\"author\":{\"@id\":\"https:\/\/barcelonacampings.es\/es\/#\/schema\/person\/70864e0d5d41a8dd0b0996451d637d8b\"},\"description\":\"Descubre el Camping Playa Vilanova de la mano del l\u00edder del proyecto, Antonio S\u00e1nchez.\",\"breadcrumb\":{\"@id\":\"https:\/\/barcelonacampings.es\/es\/entrevista-en-el-camping-platja-vilanova\/#breadcrumb\"},\"inLanguage\":\"es\",\"potentialAction\":[{\"@type\":\"ReadAction\",\"target\":[\"https:\/\/barcelonacampings.es\/es\/entrevista-en-el-camping-platja-vilanova\/\"]}]},{\"@type\":\"ImageObject\",\"inLanguage\":\"es\",\"@id\":\"https:\/\/barcelonacampings.es\/es\/entrevista-en-el-camping-platja-vilanova\/#primaryimage\",\"url\":\"https:\/\/barcelonacampings.es\/wp-content\/uploads\/2026\/03\/Fotos-aritcles-1.png\",\"contentUrl\":\"https:\/\/barcelonacampings.es\/wp-content\/uploads\/2026\/03\/Fotos-aritcles-1.png\",\"width\":1000,\"height\":600},{\"@type\":\"BreadcrumbList\",\"@id\":\"https:\/\/barcelonacampings.es\/es\/entrevista-en-el-camping-platja-vilanova\/#breadcrumb\",\"itemListElement\":[{\"@type\":\"ListItem\",\"position\":1,\"name\":\"Inici\",\"item\":\"https:\/\/barcelonacampings.es\/es\/\"},{\"@type\":\"ListItem\",\"position\":2,\"name\":\"Entrevista en el Camping Platja Vilanova\"}]},{\"@type\":\"WebSite\",\"@id\":\"https:\/\/barcelonacampings.es\/es\/#website\",\"url\":\"https:\/\/barcelonacampings.es\/es\/\",\"name\":\"Associaci\u00f3n de C\u00e1mpings y C.V. de Barcelona\",\"description\":\"\",\"potentialAction\":[{\"@type\":\"SearchAction\",\"target\":{\"@type\":\"EntryPoint\",\"urlTemplate\":\"https:\/\/barcelonacampings.es\/es\/?s={search_term_string}\"},\"query-input\":{\"@type\":\"PropertyValueSpecification\",\"valueRequired\":true,\"valueName\":\"search_term_string\"}}],\"inLanguage\":\"es\"},{\"@type\":\"Person\",\"@id\":\"https:\/\/barcelonacampings.es\/es\/#\/schema\/person\/70864e0d5d41a8dd0b0996451d637d8b\",\"name\":\"Sergi\",\"image\":{\"@type\":\"ImageObject\",\"inLanguage\":\"es\",\"@id\":\"https:\/\/barcelonacampings.es\/es\/#\/schema\/person\/image\/\",\"url\":\"https:\/\/secure.gravatar.com\/avatar\/0c5e25fe58733a3a9bf59118c8eba7418f246c7854013b1c72000bd8dde1a1de?s=96&d=mm&r=g\",\"contentUrl\":\"https:\/\/secure.gravatar.com\/avatar\/0c5e25fe58733a3a9bf59118c8eba7418f246c7854013b1c72000bd8dde1a1de?s=96&d=mm&r=g\",\"caption\":\"Sergi\"}}]}<\/script>\n<!-- \/ Yoast SEO plugin. -->","yoast_head_json":{"title":"Entrevista al camping playa Vilanova - Campings de Barcelona","description":"Descubre el Camping Playa Vilanova de la mano del l\u00edder del proyecto, Antonio S\u00e1nchez.","robots":{"index":"index","follow":"follow","max-snippet":"max-snippet:-1","max-image-preview":"max-image-preview:large","max-video-preview":"max-video-preview:-1"},"canonical":"https:\/\/barcelonacampings.es\/es\/entrevista-en-el-camping-platja-vilanova\/","og_locale":"es_ES","og_type":"article","og_title":"Entrevista al camping playa Vilanova - Campings de Barcelona","og_description":"Descubre el Camping Playa Vilanova de la mano del l\u00edder del proyecto, Antonio S\u00e1nchez.","og_url":"https:\/\/barcelonacampings.es\/es\/entrevista-en-el-camping-platja-vilanova\/","og_site_name":"Associaci\u00f3n de C\u00e1mpings y C.V. de Barcelona","article_published_time":"2026-03-12T10:18:43+00:00","article_modified_time":"2026-03-12T11:09:48+00:00","og_image":[{"width":1000,"height":600,"url":"https:\/\/barcelonacampings.es\/wp-content\/uploads\/2026\/03\/Fotos-aritcles-1.png","type":"image\/png"}],"author":"Sergi","twitter_card":"summary_large_image","twitter_misc":{"Escrito por":"Sergi","Tiempo de lectura":"3 minutos"},"schema":{"@context":"https:\/\/schema.org","@graph":[{"@type":"WebPage","@id":"https:\/\/barcelonacampings.es\/es\/entrevista-en-el-camping-platja-vilanova\/","url":"https:\/\/barcelonacampings.es\/es\/entrevista-en-el-camping-platja-vilanova\/","name":"Entrevista al camping playa Vilanova - Campings de Barcelona","isPartOf":{"@id":"https:\/\/barcelonacampings.es\/es\/#website"},"primaryImageOfPage":{"@id":"https:\/\/barcelonacampings.es\/es\/entrevista-en-el-camping-platja-vilanova\/#primaryimage"},"image":{"@id":"https:\/\/barcelonacampings.es\/es\/entrevista-en-el-camping-platja-vilanova\/#primaryimage"},"thumbnailUrl":"https:\/\/barcelonacampings.es\/wp-content\/uploads\/2026\/03\/Fotos-aritcles-1.png","datePublished":"2026-03-12T10:18:43+00:00","dateModified":"2026-03-12T11:09:48+00:00","author":{"@id":"https:\/\/barcelonacampings.es\/es\/#\/schema\/person\/70864e0d5d41a8dd0b0996451d637d8b"},"description":"Descubre el Camping Playa Vilanova de la mano del l\u00edder del proyecto, Antonio S\u00e1nchez.","breadcrumb":{"@id":"https:\/\/barcelonacampings.es\/es\/entrevista-en-el-camping-platja-vilanova\/#breadcrumb"},"inLanguage":"es","potentialAction":[{"@type":"ReadAction","target":["https:\/\/barcelonacampings.es\/es\/entrevista-en-el-camping-platja-vilanova\/"]}]},{"@type":"ImageObject","inLanguage":"es","@id":"https:\/\/barcelonacampings.es\/es\/entrevista-en-el-camping-platja-vilanova\/#primaryimage","url":"https:\/\/barcelonacampings.es\/wp-content\/uploads\/2026\/03\/Fotos-aritcles-1.png","contentUrl":"https:\/\/barcelonacampings.es\/wp-content\/uploads\/2026\/03\/Fotos-aritcles-1.png","width":1000,"height":600},{"@type":"BreadcrumbList","@id":"https:\/\/barcelonacampings.es\/es\/entrevista-en-el-camping-platja-vilanova\/#breadcrumb","itemListElement":[{"@type":"ListItem","position":1,"name":"Inici","item":"https:\/\/barcelonacampings.es\/es\/"},{"@type":"ListItem","position":2,"name":"Entrevista en el Camping Platja Vilanova"}]},{"@type":"WebSite","@id":"https:\/\/barcelonacampings.es\/es\/#website","url":"https:\/\/barcelonacampings.es\/es\/","name":"Associaci\u00f3n de C\u00e1mpings y C.V. de Barcelona","description":"","potentialAction":[{"@type":"SearchAction","target":{"@type":"EntryPoint","urlTemplate":"https:\/\/barcelonacampings.es\/es\/?s={search_term_string}"},"query-input":{"@type":"PropertyValueSpecification","valueRequired":true,"valueName":"search_term_string"}}],"inLanguage":"es"},{"@type":"Person","@id":"https:\/\/barcelonacampings.es\/es\/#\/schema\/person\/70864e0d5d41a8dd0b0996451d637d8b","name":"Sergi","image":{"@type":"ImageObject","inLanguage":"es","@id":"https:\/\/barcelonacampings.es\/es\/#\/schema\/person\/image\/","url":"https:\/\/secure.gravatar.com\/avatar\/0c5e25fe58733a3a9bf59118c8eba7418f246c7854013b1c72000bd8dde1a1de?s=96&d=mm&r=g","contentUrl":"https:\/\/secure.gravatar.com\/avatar\/0c5e25fe58733a3a9bf59118c8eba7418f246c7854013b1c72000bd8dde1a1de?s=96&d=mm&r=g","caption":"Sergi"}}]}},"_links":{"self":[{"href":"https:\/\/barcelonacampings.es\/es\/wp-json\/wp\/v2\/posts\/12488","targetHints":{"allow":["GET"]}}],"collection":[{"href":"https:\/\/barcelonacampings.es\/es\/wp-json\/wp\/v2\/posts"}],"about":[{"href":"https:\/\/barcelonacampings.es\/es\/wp-json\/wp\/v2\/types\/post"}],"author":[{"embeddable":true,"href":"https:\/\/barcelonacampings.es\/es\/wp-json\/wp\/v2\/users\/2"}],"replies":[{"embeddable":true,"href":"https:\/\/barcelonacampings.es\/es\/wp-json\/wp\/v2\/comments?post=12488"}],"version-history":[{"count":4,"href":"https:\/\/barcelonacampings.es\/es\/wp-json\/wp\/v2\/posts\/12488\/revisions"}],"predecessor-version":[{"id":12520,"href":"https:\/\/barcelonacampings.es\/es\/wp-json\/wp\/v2\/posts\/12488\/revisions\/12520"}],"wp:featuredmedia":[{"embeddable":true,"href":"https:\/\/barcelonacampings.es\/es\/wp-json\/wp\/v2\/media\/12487"}],"wp:attachment":[{"href":"https:\/\/barcelonacampings.es\/es\/wp-json\/wp\/v2\/media?parent=12488"}],"wp:term":[{"taxonomy":"category","embeddable":true,"href":"https:\/\/barcelonacampings.es\/es\/wp-json\/wp\/v2\/categories?post=12488"},{"taxonomy":"post_tag","embeddable":true,"href":"https:\/\/barcelonacampings.es\/es\/wp-json\/wp\/v2\/tags?post=12488"}],"curies":[{"name":"wp","href":"https:\/\/api.w.org\/{rel}","templated":true}]}}