{"id":9265,"date":"2024-06-14T13:13:28","date_gmt":"2024-06-14T11:13:28","guid":{"rendered":"https:\/\/barcelonacampings.es\/celebrez-la-veille-de-la-saint-jean-dans-un-camping-de-barcelone\/"},"modified":"2024-06-14T13:52:38","modified_gmt":"2024-06-14T11:52:38","slug":"celebrez-la-veille-de-la-saint-jean-dans-un-camping-de-barcelone","status":"publish","type":"post","link":"https:\/\/barcelonacampings.es\/fr\/celebrez-la-veille-de-la-saint-jean-dans-un-camping-de-barcelone\/","title":{"rendered":"C\u00e9l\u00e9brez la veille de la Saint-Jean dans un camping de Barcelone."},"content":{"rendered":"<div class=\"fusion-fullwidth fullwidth-box fusion-builder-row-1 fusion-flex-container has-pattern-background has-mask-background nonhundred-percent-fullwidth non-hundred-percent-height-scrolling\" style=\"--awb-border-radius-top-left:0px;--awb-border-radius-top-right:0px;--awb-border-radius-bottom-right:0px;--awb-border-radius-bottom-left:0px;--awb-flex-wrap:wrap;\" ><div class=\"fusion-builder-row fusion-row fusion-flex-align-items-flex-start fusion-flex-content-wrap\" style=\"max-width:1248px;margin-left: calc(-4% \/ 2 );margin-right: calc(-4% \/ 2 );\"><div class=\"fusion-layout-column fusion_builder_column fusion-builder-column-0 fusion_builder_column_1_1 1_1 fusion-flex-column\" style=\"--awb-bg-size:cover;--awb-width-large:100%;--awb-margin-top-large:0px;--awb-spacing-right-large:1.92%;--awb-margin-bottom-large:20px;--awb-spacing-left-large:1.92%;--awb-width-medium:100%;--awb-order-medium:0;--awb-spacing-right-medium:1.92%;--awb-spacing-left-medium:1.92%;--awb-width-small:100%;--awb-order-small:0;--awb-spacing-right-small:1.92%;--awb-spacing-left-small:1.92%;\"><div class=\"fusion-column-wrapper fusion-column-has-shadow fusion-flex-justify-content-flex-start fusion-content-layout-column\"><div class=\"fusion-title title fusion-title-1 fusion-sep-none fusion-title-text fusion-title-size-two\" style=\"--awb-text-color:var(--awb-color5);--awb-font-size:30px;\"><h2 class=\"fusion-title-heading title-heading-left\" style=\"margin:0;font-size:1em;\">En profitant des espaces naturels<\/h2><\/div><div class=\"fusion-text fusion-text-1 fusion-text-no-margin\" style=\"--awb-margin-top:20px;--awb-margin-bottom:10px;\"><p>Barcelone et ses environs offrent une vari\u00e9t\u00e9 de campings, aussi bien \u00e0 la montagne qu&rsquo;\u00e0 la plage. C\u00e9l\u00e9brer la veille de la Saint-Jean \u00e0 l&rsquo;int\u00e9rieur permet de se connecter avec la nature, de profiter de l&rsquo;air frais et de vues spectaculaires.<\/p>\n<p>D&rsquo;autre part, si vous pr\u00e9f\u00e9rez la brise marine, les campings situ\u00e9s sur la Costa de Barcelone permettent de c\u00e9l\u00e9brer la veille de la Saint-Jean avec le bruit des vagues en arri\u00e8re-plan. La proximit\u00e9 de la plage offre l&rsquo;opportunit\u00e9 de se baigner dans la mer, de jouer dans le sable et de profiter de vues impressionnantes sur la M\u00e9diterran\u00e9e tout en c\u00e9l\u00e9brant cette nuit sp\u00e9ciale.<\/p>\n<\/div><div class=\"fusion-title title fusion-title-2 fusion-sep-none fusion-title-text fusion-title-size-two\" style=\"--awb-text-color:var(--awb-color5);--awb-font-size:30px;\"><h2 class=\"fusion-title-heading title-heading-left\" style=\"margin:0;font-size:1em;\">Divertissement pour les plus petits<\/h2><\/div><div class=\"fusion-text fusion-text-2 fusion-text-no-margin\" style=\"--awb-margin-top:20px;--awb-margin-bottom:10px;\"><p>L&rsquo;un des aspects les plus importants lors de la c\u00e9l\u00e9bration de la veille de la Saint-Jean dans un camping est le divertissement pour les plus petits. De nombreux campings organisent des activit\u00e9s sp\u00e9ciales pour les enfants, telles que des ateliers de bricolage, des jeux en plein air et des spectacles de magie. Ces programmes sont con\u00e7us pour divertir et rendre les enfants heureux pendant que les adultes profitent de la f\u00eate.<\/p>\n<p>De plus, certains campings offrent des piscines et des aires de jeux, o\u00f9 les enfants peuvent jouer et s&rsquo;amuser. Cela cr\u00e9e une ambiance familiale et s\u00e9curis\u00e9e, id\u00e9ale pour les familles \u00e0 la recherche d&rsquo;une exp\u00e9rience compl\u00e8te pendant la veille de la Saint-Jean.<\/p>\n<\/div><div class=\"fusion-title title fusion-title-3 fusion-sep-none fusion-title-text fusion-title-size-two\" style=\"--awb-text-color:var(--awb-color5);--awb-margin-bottom:10px;--awb-font-size:30px;\"><h2 class=\"fusion-title-heading title-heading-left\" style=\"margin:0;font-size:1em;\">La coca, le vin et le cava<\/h2><\/div><div class=\"fusion-text fusion-text-3 fusion-text-no-margin\" style=\"--awb-margin-top:20px;--awb-margin-bottom:10px;\"><p>La gastronomie est une partie fondamentale de la veille de la Saint-Jean. L&rsquo;un des \u00e9l\u00e9ments les plus traditionnels est la coca, un g\u00e2teau sucr\u00e9 que l&rsquo;on peut trouver en diff\u00e9rentes vari\u00e9t\u00e9s : avec des fruits confits, de la cr\u00e8me, des pignons ou m\u00eame du chocolat. C\u00e9l\u00e9brer cette f\u00eate dans un camping de Barcelone vous permet de partager ce d\u00e9licieux repas avec des amis et la famille dans un cadre naturel unique.<\/p>\n<p>Le vin et le cava sont \u00e9galement essentiels lors de cette c\u00e9l\u00e9bration. Dans de nombreux campings, vous pourrez d\u00e9guster une s\u00e9lection de vins locaux et de cavas, parfaits pour trinquer lors de la nuit la plus magique de l&rsquo;ann\u00e9e.<\/p>\n<\/div><div class=\"fusion-image-element \" style=\"--awb-margin-top:20px;--awb-margin-bottom:40px;--awb-caption-title-font-family:var(--h2_typography-font-family);--awb-caption-title-font-weight:var(--h2_typography-font-weight);--awb-caption-title-font-style:var(--h2_typography-font-style);--awb-caption-title-size:var(--h2_typography-font-size);--awb-caption-title-transform:var(--h2_typography-text-transform);--awb-caption-title-line-height:var(--h2_typography-line-height);--awb-caption-title-letter-spacing:var(--h2_typography-letter-spacing);\"><span class=\" fusion-imageframe imageframe-none imageframe-1 hover-type-none\"><img decoding=\"async\" width=\"1500\" height=\"300\" title=\"Disseny sense ti\u0301tol (15)\" src=\"https:\/\/barcelonacampings.es\/wp-content\/uploads\/2024\/06\/Disseny-sense-titol-15.png\" data-orig-src=\"https:\/\/barcelonacampings.es\/wp-content\/uploads\/2024\/06\/Disseny-sense-titol-15.png\" alt class=\"lazyload img-responsive wp-image-9152\" srcset=\"data:image\/svg+xml,%3Csvg%20xmlns%3D%27http%3A%2F%2Fwww.w3.org%2F2000%2Fsvg%27%20width%3D%271500%27%20height%3D%27300%27%20viewBox%3D%270%200%201500%20300%27%3E%3Crect%20width%3D%271500%27%20height%3D%27300%27%20fill-opacity%3D%220%22%2F%3E%3C%2Fsvg%3E\" data-srcset=\"https:\/\/barcelonacampings.es\/wp-content\/uploads\/2024\/06\/Disseny-sense-titol-15-200x40.png 200w, https:\/\/barcelonacampings.es\/wp-content\/uploads\/2024\/06\/Disseny-sense-titol-15-400x80.png 400w, https:\/\/barcelonacampings.es\/wp-content\/uploads\/2024\/06\/Disseny-sense-titol-15-600x120.png 600w, https:\/\/barcelonacampings.es\/wp-content\/uploads\/2024\/06\/Disseny-sense-titol-15-800x160.png 800w, https:\/\/barcelonacampings.es\/wp-content\/uploads\/2024\/06\/Disseny-sense-titol-15-1200x240.png 1200w, https:\/\/barcelonacampings.es\/wp-content\/uploads\/2024\/06\/Disseny-sense-titol-15.png 1500w\" data-sizes=\"auto\" data-orig-sizes=\"(max-width: 640px) 100vw, 1200px\" \/><\/span><\/div><\/div><\/div><div class=\"fusion-layout-column fusion_builder_column fusion-builder-column-1 fusion_builder_column_1_1 1_1 fusion-flex-column\" style=\"--awb-bg-size:cover;--awb-width-large:100%;--awb-margin-top-large:0px;--awb-spacing-right-large:1.92%;--awb-margin-bottom-large:20px;--awb-spacing-left-large:1.92%;--awb-width-medium:100%;--awb-order-medium:0;--awb-spacing-right-medium:1.92%;--awb-spacing-left-medium:1.92%;--awb-width-small:100%;--awb-order-small:0;--awb-spacing-right-small:1.92%;--awb-spacing-left-small:1.92%;\"><div class=\"fusion-column-wrapper fusion-column-has-shadow fusion-flex-justify-content-flex-start fusion-content-layout-column\"><div class=\"fusion-text fusion-text-4 fusion-text-no-margin\" style=\"--awb-margin-top:20px;--awb-margin-bottom:30px;\"><p>C\u00e9l\u00e9brer la veille de la Saint-Jean dans un camping de Barcelone offre une combinaison unique de tradition et de nature. Que ce soit \u00e0 la montagne ou \u00e0 la plage, vous pourrez profiter d&rsquo;activit\u00e9s en plein air, de divertissements pour toute la famille et d&rsquo;une gastronomie de qualit\u00e9.<\/p>\n<\/div><\/div><\/div><\/div><\/div>\n","protected":false},"excerpt":{"rendered":"<p>C\u00e9l\u00e9brez la veille de la Saint-Jean dans un camping de Barcelone !<\/p>\n","protected":false},"author":2,"featured_media":9247,"comment_status":"closed","ping_status":"closed","sticky":false,"template":"","format":"standard","meta":{"_acf_changed":false,"footnotes":""},"categories":[74],"tags":[],"class_list":["post-9265","post","type-post","status-publish","format-standard","has-post-thumbnail","hentry","category-territoire"],"acf":[],"yoast_head":"<!-- This site is optimized with the Yoast SEO plugin v26.1.1 - https:\/\/yoast.com\/wordpress\/plugins\/seo\/ -->\n<title>C\u00e9l\u00e9brons la veille de la Saint-Jean dans un camping. - C\u00e0mpings de Barcelona<\/title>\n<meta name=\"description\" content=\"C\u00e9l\u00e9brez la nuit la plus magique de l&#039;ann\u00e9e avec Campings de Barcelone.\" \/>\n<meta name=\"robots\" content=\"index, follow, max-snippet:-1, max-image-preview:large, max-video-preview:-1\" \/>\n<link rel=\"canonical\" href=\"https:\/\/barcelonacampings.es\/fr\/celebrez-la-veille-de-la-saint-jean-dans-un-camping-de-barcelone\/\" \/>\n<meta property=\"og:locale\" content=\"fr_FR\" \/>\n<meta property=\"og:type\" content=\"article\" \/>\n<meta property=\"og:title\" content=\"C\u00e9l\u00e9brons la veille de la Saint-Jean dans un camping. - C\u00e0mpings de Barcelona\" \/>\n<meta property=\"og:description\" content=\"C\u00e9l\u00e9brez la nuit la plus magique de l&#039;ann\u00e9e avec Campings de Barcelone.\" \/>\n<meta property=\"og:url\" content=\"https:\/\/barcelonacampings.es\/fr\/celebrez-la-veille-de-la-saint-jean-dans-un-camping-de-barcelone\/\" \/>\n<meta property=\"og:site_name\" content=\"Associaci\u00f3n de C\u00e1mpings y C.V. de Barcelona\" \/>\n<meta property=\"article:published_time\" content=\"2024-06-14T11:13:28+00:00\" \/>\n<meta property=\"article:modified_time\" content=\"2024-06-14T11:52:38+00:00\" \/>\n<meta property=\"og:image\" content=\"https:\/\/barcelonacampings.es\/wp-content\/uploads\/2024\/06\/Fotos-aritcles-3.png\" \/>\n\t<meta property=\"og:image:width\" content=\"1000\" \/>\n\t<meta property=\"og:image:height\" content=\"600\" \/>\n\t<meta property=\"og:image:type\" content=\"image\/png\" \/>\n<meta name=\"author\" content=\"Sergi\" \/>\n<meta name=\"twitter:card\" content=\"summary_large_image\" \/>\n<meta name=\"twitter:label1\" content=\"\u00c9crit par\" \/>\n\t<meta name=\"twitter:data1\" content=\"Sergi\" \/>\n\t<meta name=\"twitter:label2\" content=\"Dur\u00e9e de lecture estim\u00e9e\" \/>\n\t<meta name=\"twitter:data2\" content=\"12 minutes\" \/>\n<script type=\"application\/ld+json\" class=\"yoast-schema-graph\">{\"@context\":\"https:\/\/schema.org\",\"@graph\":[{\"@type\":\"WebPage\",\"@id\":\"https:\/\/barcelonacampings.es\/fr\/celebrez-la-veille-de-la-saint-jean-dans-un-camping-de-barcelone\/\",\"url\":\"https:\/\/barcelonacampings.es\/fr\/celebrez-la-veille-de-la-saint-jean-dans-un-camping-de-barcelone\/\",\"name\":\"C\u00e9l\u00e9brons la veille de la Saint-Jean dans un camping. - C\u00e0mpings de Barcelona\",\"isPartOf\":{\"@id\":\"https:\/\/barcelonacampings.es\/fr\/#website\"},\"primaryImageOfPage\":{\"@id\":\"https:\/\/barcelonacampings.es\/fr\/celebrez-la-veille-de-la-saint-jean-dans-un-camping-de-barcelone\/#primaryimage\"},\"image\":{\"@id\":\"https:\/\/barcelonacampings.es\/fr\/celebrez-la-veille-de-la-saint-jean-dans-un-camping-de-barcelone\/#primaryimage\"},\"thumbnailUrl\":\"https:\/\/barcelonacampings.es\/wp-content\/uploads\/2024\/06\/Fotos-aritcles-3.png\",\"datePublished\":\"2024-06-14T11:13:28+00:00\",\"dateModified\":\"2024-06-14T11:52:38+00:00\",\"author\":{\"@id\":\"https:\/\/barcelonacampings.es\/fr\/#\/schema\/person\/70864e0d5d41a8dd0b0996451d637d8b\"},\"description\":\"C\u00e9l\u00e9brez la nuit la plus magique de l'ann\u00e9e avec Campings de Barcelone.\",\"breadcrumb\":{\"@id\":\"https:\/\/barcelonacampings.es\/fr\/celebrez-la-veille-de-la-saint-jean-dans-un-camping-de-barcelone\/#breadcrumb\"},\"inLanguage\":\"fr-FR\",\"potentialAction\":[{\"@type\":\"ReadAction\",\"target\":[\"https:\/\/barcelonacampings.es\/fr\/celebrez-la-veille-de-la-saint-jean-dans-un-camping-de-barcelone\/\"]}]},{\"@type\":\"ImageObject\",\"inLanguage\":\"fr-FR\",\"@id\":\"https:\/\/barcelonacampings.es\/fr\/celebrez-la-veille-de-la-saint-jean-dans-un-camping-de-barcelone\/#primaryimage\",\"url\":\"https:\/\/barcelonacampings.es\/wp-content\/uploads\/2024\/06\/Fotos-aritcles-3.png\",\"contentUrl\":\"https:\/\/barcelonacampings.es\/wp-content\/uploads\/2024\/06\/Fotos-aritcles-3.png\",\"width\":1000,\"height\":600,\"caption\":\"Revetlla de Sant Joan 2024\"},{\"@type\":\"BreadcrumbList\",\"@id\":\"https:\/\/barcelonacampings.es\/fr\/celebrez-la-veille-de-la-saint-jean-dans-un-camping-de-barcelone\/#breadcrumb\",\"itemListElement\":[{\"@type\":\"ListItem\",\"position\":1,\"name\":\"Inici\",\"item\":\"https:\/\/barcelonacampings.es\/fr\/\"},{\"@type\":\"ListItem\",\"position\":2,\"name\":\"C\u00e9l\u00e9brez la veille de la Saint-Jean dans un camping de Barcelone.\"}]},{\"@type\":\"WebSite\",\"@id\":\"https:\/\/barcelonacampings.es\/fr\/#website\",\"url\":\"https:\/\/barcelonacampings.es\/fr\/\",\"name\":\"Associaci\u00f3n de C\u00e1mpings y C.V. de Barcelona\",\"description\":\"\",\"potentialAction\":[{\"@type\":\"SearchAction\",\"target\":{\"@type\":\"EntryPoint\",\"urlTemplate\":\"https:\/\/barcelonacampings.es\/fr\/?s={search_term_string}\"},\"query-input\":{\"@type\":\"PropertyValueSpecification\",\"valueRequired\":true,\"valueName\":\"search_term_string\"}}],\"inLanguage\":\"fr-FR\"},{\"@type\":\"Person\",\"@id\":\"https:\/\/barcelonacampings.es\/fr\/#\/schema\/person\/70864e0d5d41a8dd0b0996451d637d8b\",\"name\":\"Sergi\",\"image\":{\"@type\":\"ImageObject\",\"inLanguage\":\"fr-FR\",\"@id\":\"https:\/\/barcelonacampings.es\/fr\/#\/schema\/person\/image\/\",\"url\":\"https:\/\/secure.gravatar.com\/avatar\/0c5e25fe58733a3a9bf59118c8eba7418f246c7854013b1c72000bd8dde1a1de?s=96&d=mm&r=g\",\"contentUrl\":\"https:\/\/secure.gravatar.com\/avatar\/0c5e25fe58733a3a9bf59118c8eba7418f246c7854013b1c72000bd8dde1a1de?s=96&d=mm&r=g\",\"caption\":\"Sergi\"}}]}<\/script>\n<!-- \/ Yoast SEO plugin. -->","yoast_head_json":{"title":"C\u00e9l\u00e9brons la veille de la Saint-Jean dans un camping. - C\u00e0mpings de Barcelona","description":"C\u00e9l\u00e9brez la nuit la plus magique de l'ann\u00e9e avec Campings de Barcelone.","robots":{"index":"index","follow":"follow","max-snippet":"max-snippet:-1","max-image-preview":"max-image-preview:large","max-video-preview":"max-video-preview:-1"},"canonical":"https:\/\/barcelonacampings.es\/fr\/celebrez-la-veille-de-la-saint-jean-dans-un-camping-de-barcelone\/","og_locale":"fr_FR","og_type":"article","og_title":"C\u00e9l\u00e9brons la veille de la Saint-Jean dans un camping. - C\u00e0mpings de Barcelona","og_description":"C\u00e9l\u00e9brez la nuit la plus magique de l'ann\u00e9e avec Campings de Barcelone.","og_url":"https:\/\/barcelonacampings.es\/fr\/celebrez-la-veille-de-la-saint-jean-dans-un-camping-de-barcelone\/","og_site_name":"Associaci\u00f3n de C\u00e1mpings y C.V. de Barcelona","article_published_time":"2024-06-14T11:13:28+00:00","article_modified_time":"2024-06-14T11:52:38+00:00","og_image":[{"width":1000,"height":600,"url":"https:\/\/barcelonacampings.es\/wp-content\/uploads\/2024\/06\/Fotos-aritcles-3.png","type":"image\/png"}],"author":"Sergi","twitter_card":"summary_large_image","twitter_misc":{"\u00c9crit par":"Sergi","Dur\u00e9e de lecture estim\u00e9e":"12 minutes"},"schema":{"@context":"https:\/\/schema.org","@graph":[{"@type":"WebPage","@id":"https:\/\/barcelonacampings.es\/fr\/celebrez-la-veille-de-la-saint-jean-dans-un-camping-de-barcelone\/","url":"https:\/\/barcelonacampings.es\/fr\/celebrez-la-veille-de-la-saint-jean-dans-un-camping-de-barcelone\/","name":"C\u00e9l\u00e9brons la veille de la Saint-Jean dans un camping. - C\u00e0mpings de Barcelona","isPartOf":{"@id":"https:\/\/barcelonacampings.es\/fr\/#website"},"primaryImageOfPage":{"@id":"https:\/\/barcelonacampings.es\/fr\/celebrez-la-veille-de-la-saint-jean-dans-un-camping-de-barcelone\/#primaryimage"},"image":{"@id":"https:\/\/barcelonacampings.es\/fr\/celebrez-la-veille-de-la-saint-jean-dans-un-camping-de-barcelone\/#primaryimage"},"thumbnailUrl":"https:\/\/barcelonacampings.es\/wp-content\/uploads\/2024\/06\/Fotos-aritcles-3.png","datePublished":"2024-06-14T11:13:28+00:00","dateModified":"2024-06-14T11:52:38+00:00","author":{"@id":"https:\/\/barcelonacampings.es\/fr\/#\/schema\/person\/70864e0d5d41a8dd0b0996451d637d8b"},"description":"C\u00e9l\u00e9brez la nuit la plus magique de l'ann\u00e9e avec Campings de Barcelone.","breadcrumb":{"@id":"https:\/\/barcelonacampings.es\/fr\/celebrez-la-veille-de-la-saint-jean-dans-un-camping-de-barcelone\/#breadcrumb"},"inLanguage":"fr-FR","potentialAction":[{"@type":"ReadAction","target":["https:\/\/barcelonacampings.es\/fr\/celebrez-la-veille-de-la-saint-jean-dans-un-camping-de-barcelone\/"]}]},{"@type":"ImageObject","inLanguage":"fr-FR","@id":"https:\/\/barcelonacampings.es\/fr\/celebrez-la-veille-de-la-saint-jean-dans-un-camping-de-barcelone\/#primaryimage","url":"https:\/\/barcelonacampings.es\/wp-content\/uploads\/2024\/06\/Fotos-aritcles-3.png","contentUrl":"https:\/\/barcelonacampings.es\/wp-content\/uploads\/2024\/06\/Fotos-aritcles-3.png","width":1000,"height":600,"caption":"Revetlla de Sant Joan 2024"},{"@type":"BreadcrumbList","@id":"https:\/\/barcelonacampings.es\/fr\/celebrez-la-veille-de-la-saint-jean-dans-un-camping-de-barcelone\/#breadcrumb","itemListElement":[{"@type":"ListItem","position":1,"name":"Inici","item":"https:\/\/barcelonacampings.es\/fr\/"},{"@type":"ListItem","position":2,"name":"C\u00e9l\u00e9brez la veille de la Saint-Jean dans un camping de Barcelone."}]},{"@type":"WebSite","@id":"https:\/\/barcelonacampings.es\/fr\/#website","url":"https:\/\/barcelonacampings.es\/fr\/","name":"Associaci\u00f3n de C\u00e1mpings y C.V. de Barcelona","description":"","potentialAction":[{"@type":"SearchAction","target":{"@type":"EntryPoint","urlTemplate":"https:\/\/barcelonacampings.es\/fr\/?s={search_term_string}"},"query-input":{"@type":"PropertyValueSpecification","valueRequired":true,"valueName":"search_term_string"}}],"inLanguage":"fr-FR"},{"@type":"Person","@id":"https:\/\/barcelonacampings.es\/fr\/#\/schema\/person\/70864e0d5d41a8dd0b0996451d637d8b","name":"Sergi","image":{"@type":"ImageObject","inLanguage":"fr-FR","@id":"https:\/\/barcelonacampings.es\/fr\/#\/schema\/person\/image\/","url":"https:\/\/secure.gravatar.com\/avatar\/0c5e25fe58733a3a9bf59118c8eba7418f246c7854013b1c72000bd8dde1a1de?s=96&d=mm&r=g","contentUrl":"https:\/\/secure.gravatar.com\/avatar\/0c5e25fe58733a3a9bf59118c8eba7418f246c7854013b1c72000bd8dde1a1de?s=96&d=mm&r=g","caption":"Sergi"}}]}},"_links":{"self":[{"href":"https:\/\/barcelonacampings.es\/fr\/wp-json\/wp\/v2\/posts\/9265","targetHints":{"allow":["GET"]}}],"collection":[{"href":"https:\/\/barcelonacampings.es\/fr\/wp-json\/wp\/v2\/posts"}],"about":[{"href":"https:\/\/barcelonacampings.es\/fr\/wp-json\/wp\/v2\/types\/post"}],"author":[{"embeddable":true,"href":"https:\/\/barcelonacampings.es\/fr\/wp-json\/wp\/v2\/users\/2"}],"replies":[{"embeddable":true,"href":"https:\/\/barcelonacampings.es\/fr\/wp-json\/wp\/v2\/comments?post=9265"}],"version-history":[{"count":3,"href":"https:\/\/barcelonacampings.es\/fr\/wp-json\/wp\/v2\/posts\/9265\/revisions"}],"predecessor-version":[{"id":9268,"href":"https:\/\/barcelonacampings.es\/fr\/wp-json\/wp\/v2\/posts\/9265\/revisions\/9268"}],"wp:featuredmedia":[{"embeddable":true,"href":"https:\/\/barcelonacampings.es\/fr\/wp-json\/wp\/v2\/media\/9247"}],"wp:attachment":[{"href":"https:\/\/barcelonacampings.es\/fr\/wp-json\/wp\/v2\/media?parent=9265"}],"wp:term":[{"taxonomy":"category","embeddable":true,"href":"https:\/\/barcelonacampings.es\/fr\/wp-json\/wp\/v2\/categories?post=9265"},{"taxonomy":"post_tag","embeddable":true,"href":"https:\/\/barcelonacampings.es\/fr\/wp-json\/wp\/v2\/tags?post=9265"}],"curies":[{"name":"wp","href":"https:\/\/api.w.org\/{rel}","templated":true}]}}